{"id":8373,"date":"2026-01-23T09:30:17","date_gmt":"2026-01-23T08:30:17","guid":{"rendered":"https:\/\/energirona.entornodesarrollo.com\/sacaben-les-calderes-de-gas-la-veritat-sobre-la-normativa-i-fins-quan-es-podran-utilitzar\/"},"modified":"2026-01-23T11:13:20","modified_gmt":"2026-01-23T10:13:20","slug":"sacaben-les-calderes-de-gas-la-veritat-sobre-la-normativa-i-fins-quan-es-podran-utilitzar","status":"publish","type":"post","link":"https:\/\/energirona.com\/ca\/sacaben-les-calderes-de-gas-la-veritat-sobre-la-normativa-i-fins-quan-es-podran-utilitzar\/","title":{"rendered":"S\u2019acaben les calderes de gas? Qu\u00e8 diu la normativa"},"content":{"rendered":"<p>En els darrers anys s\u2019ha est\u00e8s la idea que les calderes de gas desapareixeran i que deixaran de ser legals en una data concreta. Aquest missatge, repetit en molts mitjans sense matisos, ha generat confusi\u00f3 i preocupaci\u00f3 entre milers de llars.<\/p>\n<p>La realitat \u00e9s molt diferent del que solen dir molts titulars. Les calderes de gas no es prohibeixen de manera immediata, ni existeix una data l\u00edmit general per deixar d\u2019utilitzar-les.<\/p>\n<p>En aquest article t\u2019expliquem qu\u00e8 diu realment la normativa, qu\u00e8 canvia i fins quan es podran continuar utilitzant les calderes de gas.<\/p>\n<h2>D\u2019on sorgeix el rumor que les calderes de gas s\u2019acaben?<\/h2>\n<p> L\u2019origen d\u2019aquesta confusi\u00f3 es troba en les pol\u00edtiques energ\u00e8tiques impulsades per la <span class=\"hover:entity-accent entity-underline inline cursor-pointer align-baseline\"><span class=\"whitespace-normal\">Uni\u00f3 Europea<\/span><\/span>, l\u2019objectiu de les quals \u00e9s reduir les emissions de CO\u2082, millorar l\u2019efici\u00e8ncia energ\u00e8tica dels edificis i fomentar l\u2019\u00fas d\u2019energies renovables.<\/p>\n<p>El problema \u00e9s que aquestes mesures s\u2019han simplificat massa en molts missatges, donant a entendre que el gas quedar\u00e0 prohibit, quan en realitat la transici\u00f3 \u00e9s progressiva i gradual.<\/p>\n<p><img loading=\"lazy\" decoding=\"async\" width=\"800\" height=\"376\" class=\"alignnone wp-image-8368 size-full\" src=\"https:\/\/energirona.com\/wp-content\/uploads\/2026\/01\/image-3-6.png\" alt=\"\" srcset=\"https:\/\/energirona.com\/wp-content\/uploads\/2026\/01\/image-3-6.png 800w, https:\/\/energirona.com\/wp-content\/uploads\/2026\/01\/image-3-6-480x226.png 480w\" sizes=\"(min-width: 0px) and (max-width: 480px) 480px, (min-width: 481px) 800px, 100vw\" \/><\/p>\n<h2>Deixaran de ser legals les calderes de gas?<\/h2>\n<p> No. Les calderes de gas no deixaran de ser legals de manera generalitzada.<\/p>\n<p>El que estableix la normativa \u00e9s principalment la limitaci\u00f3 de la instal\u00b7laci\u00f3 de calderes de gas en habitatges de nova construcci\u00f3 i l\u2019eliminaci\u00f3 progressiva de subvencions p\u00fabliques per a sistemes basats exclusivament en combustibles f\u00f2ssils.<\/p>\n<p>Tanmateix, les calderes ja instal\u00b7lades poden continuar utilitzant-se, es poden reparar, mantenir i substituir, i les calderes de condensaci\u00f3 d\u2019alta efici\u00e8ncia continuen sent legals.<\/p>\n<h2>Fins quan es podran utilitzar les calderes de gas?<\/h2>\n<p> No existeix una data concreta en qu\u00e8 totes les calderes de gas hagin de desapar\u00e8ixer. El calendari dep\u00e8n del tipus d\u2019edifici.<\/p>\n<p>En habitatges ja existents, les calderes de gas poden continuar utilitzant-se durant molts anys, sempre que compleixin la normativa de seguretat i efici\u00e8ncia. No existeix cap obligaci\u00f3 de substituir-les de manera immediata.<\/p>\n<p>En habitatges de nova construcci\u00f3 es prioritzen sistemes com l\u2019aerot\u00e8rmia, les energies renovables o els sistemes h\u00edbrids. El gas queda m\u00e9s limitat, per\u00f2 no desapareix de manera autom\u00e0tica.<\/p>\n<p>A la pr\u00e0ctica, aix\u00f2 significa que el gas continuar\u00e0 present al parc d\u2019habitatges actual durant d\u00e8cades.<\/p>\n<h2>Es pot canviar una caldera de gas per una de nova?<\/h2>\n<p> S\u00ed. Si una caldera de gas s\u2019avaria o arriba al final de la seva vida \u00fatil, es pot substituir per una de nova.<\/p>\n<p>Les condicions habituals s\u00f3n que sigui una caldera de condensaci\u00f3, que compleixi els criteris d\u2019efici\u00e8ncia energ\u00e8tica i que la instal\u00b7laci\u00f3 respecti la normativa vigent.<\/p>\n<p>Per a molts habitatges ja constru\u00efts, continuar utilitzant gas segueix sent una opci\u00f3 eficient, fiable i econ\u00f2micament viable.<\/p>\n<h2>El futur del gas: transici\u00f3, no prohibici\u00f3 immediata<\/h2>\n<p> La normativa actual no busca eliminar el gas d\u2019un dia per l\u2019altre. L\u2019objectiu \u00e9s reduir progressivament el seu \u00fas, impulsar sistemes m\u00e9s eficients i renovables i facilitar una transici\u00f3 realista per a les fam\u00edlies.<\/p>\n<p>Aquest proc\u00e9s ser\u00e0 lent, gradual i adaptat a la realitat de cada habitatge, evitant inversions obligat\u00f2ries a curt termini.<\/p>\n<p><img loading=\"lazy\" decoding=\"async\" class=\"aligncenter wp-image-8350\" src=\"https:\/\/energirona.com\/wp-content\/uploads\/2026\/01\/image-3-3.png\" width=\"1920\" height=\"900\" srcset=\"https:\/\/energirona.com\/wp-content\/uploads\/2026\/01\/image-3-3.png 1920w, https:\/\/energirona.com\/wp-content\/uploads\/2026\/01\/image-3-3-480x226.png 480w\" sizes=\"(min-width: 0px) and (max-width: 480px) 480px, (min-width: 481px) 1920px, 100vw\" \/><\/p>\n<h2>Preguntes freq\u00fcents sobre les calderes de gas<\/h2>\n<p> <strong>Les calderes de gas estaran prohibides?<\/strong> No. No existeix una prohibici\u00f3 general per a les calderes de gas ja instal\u00b7lades.<\/p>\n<p><strong>Puc continuar utilitzant la meva caldera actual?<\/strong><br \/>\nS\u00ed. Pots continuar utilitzant-la mentre funcioni correctament i compleixi la normativa.<\/p>\n<p><strong>Puc instal\u00b7lar una caldera nova si l\u2019actual s\u2019espatlla?<\/strong><br \/>\nS\u00ed, especialment si es tracta d\u2019una caldera de condensaci\u00f3 d\u2019alta efici\u00e8ncia.<\/p>\n<p><strong>El gas desapareixer\u00e0 completament?<\/strong><br \/>\nNo a curt ni a mitj\u00e0 termini. La seva reducci\u00f3 ser\u00e0 progressiva.<\/p>\n<h2>Conclusi\u00f3: les calderes de gas no s\u2019acaben dem\u00e0<\/h2>\n<p> Malgrat el que se sol dir, les calderes de gas no desapareixen de cop ni deixen de ser legals en una data concreta. Si tens una caldera de gas, pots estar tranquil, podr\u00e0s continuar utilitzant-la i, si cal, substituir-la legalment.<\/p>\n<p>La clau \u00e9s informar-se b\u00e9 i no deixar-se portar per missatges alarmistes.<\/p>\n<h2><a href=\"https:\/\/energirona.com\/ca\/calderes\/\">Descobreix les nostres calderes<\/a><\/h2>\n","protected":false},"excerpt":{"rendered":"<p>En els darrers anys s\u2019ha est\u00e8s la idea que les calderes de gas desapareixeran i que deixaran de ser legals en una data concreta. Aquest missatge, repetit en molts mitjans sense matisos, ha generat confusi\u00f3 i preocupaci\u00f3 entre milers de llars. La realitat \u00e9s molt diferent del que solen dir molts titulars. Les calderes de [&hellip;]<\/p>\n","protected":false},"author":4,"featured_media":8372,"comment_status":"closed","ping_status":"closed","sticky":false,"template":"","format":"standard","meta":{"_acf_changed":false,"_et_pb_use_builder":"","_et_pb_old_content":"","_et_gb_content_width":"","footnotes":""},"categories":[146],"tags":[],"class_list":["post-8373","post","type-post","status-publish","format-standard","has-post-thumbnail","hentry","category-sin-categorizar-ca"],"acf":[],"yoast_head":"<!-- This site is optimized with the Yoast SEO plugin v27.4 - https:\/\/yoast.com\/product\/yoast-seo-wordpress\/ -->\n<title>S\u2019acaben les calderes de gas? Qu\u00e8 diu la normativa - Energirona<\/title>\n<meta name=\"description\" content=\"Les calderes de gas no desapareixen de cop. T\u2019expliquem qu\u00e8 diu la normativa, fins quan es podran utilitzar i qu\u00e8 passa si necessites canviar-la.\" \/>\n<meta name=\"robots\" content=\"index, follow, max-snippet:-1, max-image-preview:large, max-video-preview:-1\" \/>\n<link rel=\"canonical\" href=\"https:\/\/energirona.com\/ca\/sacaben-les-calderes-de-gas-la-veritat-sobre-la-normativa-i-fins-quan-es-podran-utilitzar\/\" \/>\n<meta property=\"og:locale\" content=\"ca_ES\" \/>\n<meta property=\"og:type\" content=\"article\" \/>\n<meta property=\"og:title\" content=\"S\u2019acaben les calderes de gas? Qu\u00e8 diu la normativa - Energirona\" \/>\n<meta property=\"og:description\" content=\"Les calderes de gas no desapareixen de cop. T\u2019expliquem qu\u00e8 diu la normativa, fins quan es podran utilitzar i qu\u00e8 passa si necessites canviar-la.\" \/>\n<meta property=\"og:url\" content=\"https:\/\/energirona.com\/ca\/sacaben-les-calderes-de-gas-la-veritat-sobre-la-normativa-i-fins-quan-es-podran-utilitzar\/\" \/>\n<meta property=\"og:site_name\" content=\"Energirona\" \/>\n<meta property=\"article:published_time\" content=\"2026-01-23T08:30:17+00:00\" \/>\n<meta property=\"article:modified_time\" content=\"2026-01-23T10:13:20+00:00\" \/>\n<meta property=\"og:image\" content=\"https:\/\/energirona.com\/wp-content\/uploads\/2026\/01\/image-3-5.png\" \/>\n\t<meta property=\"og:image:width\" content=\"800\" \/>\n\t<meta property=\"og:image:height\" content=\"376\" \/>\n\t<meta property=\"og:image:type\" content=\"image\/png\" \/>\n<meta name=\"author\" content=\"Luis\" \/>\n<meta name=\"twitter:card\" content=\"summary_large_image\" \/>\n<meta name=\"twitter:label1\" content=\"Escrit per\" \/>\n\t<meta name=\"twitter:data1\" content=\"Luis\" \/>\n\t<meta name=\"twitter:label2\" content=\"Temps estimat de lectura\" \/>\n\t<meta name=\"twitter:data2\" content=\"3 minuts\" \/>\n<!-- \/ Yoast SEO plugin. -->","yoast_head_json":{"title":"S\u2019acaben les calderes de gas? Qu\u00e8 diu la normativa - Energirona","description":"Les calderes de gas no desapareixen de cop. T\u2019expliquem qu\u00e8 diu la normativa, fins quan es podran utilitzar i qu\u00e8 passa si necessites canviar-la.","robots":{"index":"index","follow":"follow","max-snippet":"max-snippet:-1","max-image-preview":"max-image-preview:large","max-video-preview":"max-video-preview:-1"},"canonical":"https:\/\/energirona.com\/ca\/sacaben-les-calderes-de-gas-la-veritat-sobre-la-normativa-i-fins-quan-es-podran-utilitzar\/","og_locale":"ca_ES","og_type":"article","og_title":"S\u2019acaben les calderes de gas? Qu\u00e8 diu la normativa - Energirona","og_description":"Les calderes de gas no desapareixen de cop. T\u2019expliquem qu\u00e8 diu la normativa, fins quan es podran utilitzar i qu\u00e8 passa si necessites canviar-la.","og_url":"https:\/\/energirona.com\/ca\/sacaben-les-calderes-de-gas-la-veritat-sobre-la-normativa-i-fins-quan-es-podran-utilitzar\/","og_site_name":"Energirona","article_published_time":"2026-01-23T08:30:17+00:00","article_modified_time":"2026-01-23T10:13:20+00:00","og_image":[{"width":800,"height":376,"url":"https:\/\/energirona.com\/wp-content\/uploads\/2026\/01\/image-3-5.png","type":"image\/png"}],"author":"Luis","twitter_card":"summary_large_image","twitter_misc":{"Escrit per":"Luis","Temps estimat de lectura":"3 minuts"},"schema":{"@context":"https:\/\/schema.org","@graph":[{"@type":"Article","@id":"https:\/\/energirona.com\/ca\/sacaben-les-calderes-de-gas-la-veritat-sobre-la-normativa-i-fins-quan-es-podran-utilitzar\/#article","isPartOf":{"@id":"https:\/\/energirona.com\/ca\/sacaben-les-calderes-de-gas-la-veritat-sobre-la-normativa-i-fins-quan-es-podran-utilitzar\/"},"author":{"name":"Luis","@id":"https:\/\/energirona.com\/ca\/#\/schema\/person\/996598a15de62cc349307135a941f3b1"},"headline":"S\u2019acaben les calderes de gas? Qu\u00e8 diu la normativa","datePublished":"2026-01-23T08:30:17+00:00","dateModified":"2026-01-23T10:13:20+00:00","mainEntityOfPage":{"@id":"https:\/\/energirona.com\/ca\/sacaben-les-calderes-de-gas-la-veritat-sobre-la-normativa-i-fins-quan-es-podran-utilitzar\/"},"wordCount":705,"publisher":{"@id":"https:\/\/energirona.com\/ca\/#organization"},"image":{"@id":"https:\/\/energirona.com\/ca\/sacaben-les-calderes-de-gas-la-veritat-sobre-la-normativa-i-fins-quan-es-podran-utilitzar\/#primaryimage"},"thumbnailUrl":"https:\/\/energirona.com\/wp-content\/uploads\/2026\/01\/image-3-5.png","articleSection":["Sin categorizar"],"inLanguage":"ca"},{"@type":"WebPage","@id":"https:\/\/energirona.com\/ca\/sacaben-les-calderes-de-gas-la-veritat-sobre-la-normativa-i-fins-quan-es-podran-utilitzar\/","url":"https:\/\/energirona.com\/ca\/sacaben-les-calderes-de-gas-la-veritat-sobre-la-normativa-i-fins-quan-es-podran-utilitzar\/","name":"S\u2019acaben les calderes de gas? Qu\u00e8 diu la normativa - Energirona","isPartOf":{"@id":"https:\/\/energirona.com\/ca\/#website"},"primaryImageOfPage":{"@id":"https:\/\/energirona.com\/ca\/sacaben-les-calderes-de-gas-la-veritat-sobre-la-normativa-i-fins-quan-es-podran-utilitzar\/#primaryimage"},"image":{"@id":"https:\/\/energirona.com\/ca\/sacaben-les-calderes-de-gas-la-veritat-sobre-la-normativa-i-fins-quan-es-podran-utilitzar\/#primaryimage"},"thumbnailUrl":"https:\/\/energirona.com\/wp-content\/uploads\/2026\/01\/image-3-5.png","datePublished":"2026-01-23T08:30:17+00:00","dateModified":"2026-01-23T10:13:20+00:00","description":"Les calderes de gas no desapareixen de cop. T\u2019expliquem qu\u00e8 diu la normativa, fins quan es podran utilitzar i qu\u00e8 passa si necessites canviar-la.","breadcrumb":{"@id":"https:\/\/energirona.com\/ca\/sacaben-les-calderes-de-gas-la-veritat-sobre-la-normativa-i-fins-quan-es-podran-utilitzar\/#breadcrumb"},"inLanguage":"ca","potentialAction":[{"@type":"ReadAction","target":["https:\/\/energirona.com\/ca\/sacaben-les-calderes-de-gas-la-veritat-sobre-la-normativa-i-fins-quan-es-podran-utilitzar\/"]}]},{"@type":"ImageObject","inLanguage":"ca","@id":"https:\/\/energirona.com\/ca\/sacaben-les-calderes-de-gas-la-veritat-sobre-la-normativa-i-fins-quan-es-podran-utilitzar\/#primaryimage","url":"https:\/\/energirona.com\/wp-content\/uploads\/2026\/01\/image-3-5.png","contentUrl":"https:\/\/energirona.com\/wp-content\/uploads\/2026\/01\/image-3-5.png","width":800,"height":376},{"@type":"BreadcrumbList","@id":"https:\/\/energirona.com\/ca\/sacaben-les-calderes-de-gas-la-veritat-sobre-la-normativa-i-fins-quan-es-podran-utilitzar\/#breadcrumb","itemListElement":[{"@type":"ListItem","position":1,"name":"Portada","item":"https:\/\/energirona.com\/ca\/inici\/"},{"@type":"ListItem","position":2,"name":"S\u2019acaben les calderes de gas? Qu\u00e8 diu la normativa"}]},{"@type":"WebSite","@id":"https:\/\/energirona.com\/ca\/#website","url":"https:\/\/energirona.com\/ca\/","name":"Energirona","description":"","publisher":{"@id":"https:\/\/energirona.com\/ca\/#organization"},"potentialAction":[{"@type":"SearchAction","target":{"@type":"EntryPoint","urlTemplate":"https:\/\/energirona.com\/ca\/?s={search_term_string}"},"query-input":{"@type":"PropertyValueSpecification","valueRequired":true,"valueName":"search_term_string"}}],"inLanguage":"ca"},{"@type":"Organization","@id":"https:\/\/energirona.com\/ca\/#organization","name":"Energirona","url":"https:\/\/energirona.com\/ca\/","logo":{"@type":"ImageObject","inLanguage":"ca","@id":"https:\/\/energirona.com\/ca\/#\/schema\/logo\/image\/","url":"https:\/\/energirona.com\/wp-content\/uploads\/2023\/02\/logo-energirona.png","contentUrl":"https:\/\/energirona.com\/wp-content\/uploads\/2023\/02\/logo-energirona.png","width":313,"height":57,"caption":"Energirona"},"image":{"@id":"https:\/\/energirona.com\/ca\/#\/schema\/logo\/image\/"}},{"@type":"Person","@id":"https:\/\/energirona.com\/ca\/#\/schema\/person\/996598a15de62cc349307135a941f3b1","name":"Luis","image":{"@type":"ImageObject","inLanguage":"ca","@id":"https:\/\/secure.gravatar.com\/avatar\/d2352f7f93982daef1eb21b1811c2b054b5ce1cd91af7b9c96cc4eee8ab6443c?s=96&d=mm&r=g","url":"https:\/\/secure.gravatar.com\/avatar\/d2352f7f93982daef1eb21b1811c2b054b5ce1cd91af7b9c96cc4eee8ab6443c?s=96&d=mm&r=g","contentUrl":"https:\/\/secure.gravatar.com\/avatar\/d2352f7f93982daef1eb21b1811c2b054b5ce1cd91af7b9c96cc4eee8ab6443c?s=96&d=mm&r=g","caption":"Luis"},"url":"https:\/\/energirona.com\/ca\/author\/luis\/"}]}},"_links":{"self":[{"href":"https:\/\/energirona.com\/ca\/wp-json\/wp\/v2\/posts\/8373","targetHints":{"allow":["GET"]}}],"collection":[{"href":"https:\/\/energirona.com\/ca\/wp-json\/wp\/v2\/posts"}],"about":[{"href":"https:\/\/energirona.com\/ca\/wp-json\/wp\/v2\/types\/post"}],"author":[{"embeddable":true,"href":"https:\/\/energirona.com\/ca\/wp-json\/wp\/v2\/users\/4"}],"replies":[{"embeddable":true,"href":"https:\/\/energirona.com\/ca\/wp-json\/wp\/v2\/comments?post=8373"}],"version-history":[{"count":2,"href":"https:\/\/energirona.com\/ca\/wp-json\/wp\/v2\/posts\/8373\/revisions"}],"predecessor-version":[{"id":8394,"href":"https:\/\/energirona.com\/ca\/wp-json\/wp\/v2\/posts\/8373\/revisions\/8394"}],"wp:featuredmedia":[{"embeddable":true,"href":"https:\/\/energirona.com\/ca\/wp-json\/wp\/v2\/media\/8372"}],"wp:attachment":[{"href":"https:\/\/energirona.com\/ca\/wp-json\/wp\/v2\/media?parent=8373"}],"wp:term":[{"taxonomy":"category","embeddable":true,"href":"https:\/\/energirona.com\/ca\/wp-json\/wp\/v2\/categories?post=8373"},{"taxonomy":"post_tag","embeddable":true,"href":"https:\/\/energirona.com\/ca\/wp-json\/wp\/v2\/tags?post=8373"}],"curies":[{"name":"wp","href":"https:\/\/api.w.org\/{rel}","templated":true}]}}